{"id":850,"date":"2020-10-07T11:36:18","date_gmt":"2020-10-07T09:36:18","guid":{"rendered":"https:\/\/trial.ba\/?p=850"},"modified":"2021-05-04T15:39:46","modified_gmt":"2021-05-04T13:39:46","slug":"odrzana-diskusija-o-pravima-prezivjelih-ratnih-zlocina-u-okviru-krivicnog-postupka","status":"publish","type":"post","link":"https:\/\/trial.ba\/?p=850","title":{"rendered":"ODR\u017dANA DISKUSIJA O PRAVIMA PRE\u017dIVJELIH RATNIH ZLO\u010cINA U OKVIRU KRIVI\u010cNOG POSTUPKA"},"content":{"rendered":"\n<p><\/p>\n\n\n\n<p><strong><em>Ostvarivanje prava na pravdu i reparaciju<\/em><\/strong><\/p>\n\n\n\n<figure class=\"wp-block-gallery columns-1 is-cropped wp-block-gallery-1 is-layout-flex wp-block-gallery-is-layout-flex\"><ul class=\"blocks-gallery-grid\"><li class=\"blocks-gallery-item\"><figure><img loading=\"lazy\" decoding=\"async\" width=\"1024\" height=\"684\" src=\"https:\/\/trial.ba\/wp-content\/uploads\/2021\/05\/Paricipants-2-1024x684.jpg\" alt=\"\" data-id=\"971\" data-full-url=\"https:\/\/trial.ba\/wp-content\/uploads\/2021\/05\/Paricipants-2.jpg\" data-link=\"https:\/\/trial.ba\/?attachment_id=971\" class=\"wp-image-971\" srcset=\"https:\/\/trial.ba\/wp-content\/uploads\/2021\/05\/Paricipants-2-1024x684.jpg 1024w, https:\/\/trial.ba\/wp-content\/uploads\/2021\/05\/Paricipants-2-300x200.jpg 300w, https:\/\/trial.ba\/wp-content\/uploads\/2021\/05\/Paricipants-2-768x513.jpg 768w, https:\/\/trial.ba\/wp-content\/uploads\/2021\/05\/Paricipants-2-1536x1027.jpg 1536w, https:\/\/trial.ba\/wp-content\/uploads\/2021\/05\/Paricipants-2.jpg 1616w\" sizes=\"auto, (max-width: 1024px) 100vw, 1024px\" \/><\/figure><\/li><\/ul><\/figure>\n\n\n\n<p>(<em>7. oktobar 2020. godine<\/em>) Kako bi se pre\u017eivjelim ratnog seksualnog nasilja, ali i pre\u017eivjelim drugih ratnih zlo\u010dina, pribli\u017eio pristup pravosudnom sistemu, a shodno tome i kako bi ih osna\u017eilo i ohrabrilo u njihovoj borbi za pravdu, TRIAL International, u saradnji sa Udru\u017eenjem \u017ertava rata <em>\u201cFo\u010da 1992-1995<\/em>\u201d, ju\u010der je organzivao diskusiju pod nazivom \u201c<em>\u201dRatni zlo\u010dini \u2013 Pravo na pravdu i reparacije u krivi\u010dnim postupcima<\/em>\u201d.&nbsp;<\/p>\n\n\n\n<p>\u201c<em>Pravdu sam poku\u0161ala ostvariti tokom \u010ditavog rata i po zavr\u0161etku rata<\/em>\u201d, svoju <a href=\"https:\/\/www.youtube.com\/watch?v=xZ4jlnMK_hA\">pri\u010du<\/a> zapo\u010dinje Semka Agi\u0107, \u010dlanica udru\u017eenja \u201c<em>Na\u0161 glas<\/em>\u201d. \u201c<em>To je dugo trajalo, ali ja sam bila uporna a i TRIAL sa mnom, pa smo im stalno visili za vratom. Kada je progla\u0161en ratnim zlo\u010dincem, sav sam svoj teret \u017ertve prebacila na njega. Sad si ti \u017ertva, a sad sam ja \u2013 pobjednik<\/em>\u201d. Danas, Semka Agi\u0107 otvoreno govori o svom iskustvu tra\u017eenja pravde u nadi da \u0107e njena pri\u010da ohrabriti brojne pre\u017eivjele koji na nju jo\u0161 \u010dekaju.<\/p>\n\n\n\n<figure class=\"wp-block-image size-large\"><a href=\"https:\/\/trial.ba\/wp-content\/uploads\/2021\/05\/Semka-Agic.jpg\"><img loading=\"lazy\" decoding=\"async\" width=\"1024\" height=\"684\" src=\"https:\/\/trial.ba\/wp-content\/uploads\/2021\/05\/Semka-Agic-1024x684.jpg\" alt=\"\" class=\"wp-image-973\" srcset=\"https:\/\/trial.ba\/wp-content\/uploads\/2021\/05\/Semka-Agic-1024x684.jpg 1024w, https:\/\/trial.ba\/wp-content\/uploads\/2021\/05\/Semka-Agic-300x200.jpg 300w, https:\/\/trial.ba\/wp-content\/uploads\/2021\/05\/Semka-Agic-768x513.jpg 768w, https:\/\/trial.ba\/wp-content\/uploads\/2021\/05\/Semka-Agic-1536x1027.jpg 1536w, https:\/\/trial.ba\/wp-content\/uploads\/2021\/05\/Semka-Agic.jpg 1616w\" sizes=\"auto, (max-width: 1024px) 100vw, 1024px\" \/><\/a><\/figure>\n\n\n\n<p>Na\u017ealost, i vi\u0161e od dvije decenije nakon rata brojni su problemi koji sputavaju pre\u017eivjele u njihovoj borbi da ostvare svoja prava. Na <a href=\"https:\/\/trial.ba\/wp-content\/uploads\/2019\/05\/Ka%C5%BEnjavanje-ratnog-seksualnog-nasilja-Smjernice-za-suzbijanje-nedosljednosti-u-odmjeravanju-kazni.pdf\">primjer<\/a>, mnoge od njih se nose sa ozbiljnim psiholo\u0161kim posljedicama zbog nezalije\u010dene traume. Pristup pravdi je i dalje ograni\u010den, uklju\u010duju\u0107i i \u010dinjenicu da mnogi po\u010dinitelji odgovorni za zlo\u010dine nad njima i njihovim porodicama jo\u0161 uvijek nisu procesuirani. Upravo iz tog razloga, ova diskusija ima za cilj da pre\u017eivjelima pribli\u017ei njihova prava i dostupna sredstva da ih ostvare, a obuhvata \u010detiri aspekata tra\u017eenja pravde za pre\u017eivjele a to su: uloga udru\u017eenja \u017ertava, pravna podr\u0161ka u tra\u017eenju pravde i pravi\u010dne naknade \u0161tete u okviru krivi\u010dnih postupaka, psiholo\u0161ka podr\u0161ka ali i prikaz li\u010dnog iskustva u tra\u017eenju pravde za po\u010dinjene ratne zlo\u010dine.<\/p>\n\n\n\n<p>\u201c<em>Smatram da je va\u017eno pre\u017eivjele upoznati sa pravima u krivi\u010dnom postupku, kako bi se njihova uloga unaprijedila te kako bi aktivno u\u010destvovali u istom, kako ne bili u ulozi pasivnog posmatra\u010da, ili pak dokaznog sredstva, \u0161to je na\u017ealost, \u010desto slu\u010daj. Upoznavanje sa pravima, njihovo kori\u0161tenje i stalno insistiranje na njima kroz proces mo\u017ee unaprijediti ulogu i polo\u017eaj pre\u017eivjelih. Odre\u0111ena prava su i&nbsp; namijenjena da ih za\u0161tite ali i osna\u017ee <\/em>&nbsp;\u2013<em> pravo da budu informisani o statusu njihovih predmeta, prava u pogledu za\u0161tite identiteta, te prava u pogledu ostvarivanja imovinskopravnog zahtjeva i pristupa besplatnoj pravnoj pomo\u0107i.<\/em>\u201d, kazala je Berina \u017duti\u0107 Razi\u0107, pravna savjetnica organizacije TRIAL International \u2013 Ureda u BiH<em>.<\/em><\/p>\n\n\n\n<figure class=\"wp-block-image size-large\"><a href=\"https:\/\/trial.ba\/wp-content\/uploads\/2021\/05\/Berina-Zutic-Razic.jpg\"><img loading=\"lazy\" decoding=\"async\" width=\"1024\" height=\"684\" src=\"https:\/\/trial.ba\/wp-content\/uploads\/2021\/05\/Berina-Zutic-Razic-1024x684.jpg\" alt=\"\" class=\"wp-image-974\" srcset=\"https:\/\/trial.ba\/wp-content\/uploads\/2021\/05\/Berina-Zutic-Razic-1024x684.jpg 1024w, https:\/\/trial.ba\/wp-content\/uploads\/2021\/05\/Berina-Zutic-Razic-300x200.jpg 300w, https:\/\/trial.ba\/wp-content\/uploads\/2021\/05\/Berina-Zutic-Razic-768x513.jpg 768w, https:\/\/trial.ba\/wp-content\/uploads\/2021\/05\/Berina-Zutic-Razic-1536x1027.jpg 1536w, https:\/\/trial.ba\/wp-content\/uploads\/2021\/05\/Berina-Zutic-Razic.jpg 1616w\" sizes=\"auto, (max-width: 1024px) 100vw, 1024px\" \/><\/a><\/figure>\n\n\n\n<p>Midheta Kaloper Oruli, sekretar Udru\u017eenja \u017ertava rata <em>\u201cFo\u010da 1992-1995<\/em>\u201d, kazala je da za \u017ertve rata, a posebno osobe koje su pre\u017eivjele seksualno nasilje u rata, su od veliko zna\u010daja diskusije na ovu temu.&nbsp;<\/p>\n\n\n\n<figure class=\"wp-block-image size-large\"><img loading=\"lazy\" decoding=\"async\" width=\"1024\" height=\"684\" src=\"https:\/\/trial.ba\/wp-content\/uploads\/2020\/10\/Midheta-Kaloper-Oruli-1024x684.jpg\" alt=\"\" class=\"wp-image-854\" srcset=\"https:\/\/trial.ba\/wp-content\/uploads\/2020\/10\/Midheta-Kaloper-Oruli-1024x684.jpg 1024w, https:\/\/trial.ba\/wp-content\/uploads\/2020\/10\/Midheta-Kaloper-Oruli-300x200.jpg 300w, https:\/\/trial.ba\/wp-content\/uploads\/2020\/10\/Midheta-Kaloper-Oruli-768x513.jpg 768w, https:\/\/trial.ba\/wp-content\/uploads\/2020\/10\/Midheta-Kaloper-Oruli-1536x1027.jpg 1536w, https:\/\/trial.ba\/wp-content\/uploads\/2020\/10\/Midheta-Kaloper-Oruli.jpg 1616w\" sizes=\"auto, (max-width: 1024px) 100vw, 1024px\" \/><\/figure>\n\n\n\n<p>\u201c<em>Ovakav susret daje pre\u017eivjelim dodatnu motivaciju da se bore za pravdu, ma koliko put bio te\u017eak i trnovit. Moramo, i nakon ovoliko godina poslije rata, na svaki na\u010din ohrabriti na\u0161e sugra\u0111anke da hrabro i dostojanstveno smognu snage i progovore o svemu \u0161to se de\u0161avala tokom devedesetih<\/em>\u201d, pojasnila je.<\/p>\n","protected":false},"excerpt":{"rendered":"<p>Ostvarivanje prava na pravdu i reparaciju (7. oktobar 2020. godine) Kako bi se pre\u017eivjelim ratnog seksualnog nasilja, ali i pre\u017eivjelim drugih ratnih zlo\u010dina, pribli\u017eio pristup pravosudnom sistemu, a shodno tome i kako bi ih osna\u017eilo i ohrabrilo u njihovoj borbi za pravdu, TRIAL International, u saradnji sa Udru\u017eenjem \u017ertava rata \u201cFo\u010da 1992-1995\u201d, ju\u010der je organzivao [&hellip;]<\/p>\n","protected":false},"author":3,"featured_media":0,"comment_status":"closed","ping_status":"closed","sticky":false,"template":"","format":"standard","meta":{"_jetpack_memberships_contains_paid_content":false,"footnotes":""},"categories":[3,1],"tags":[],"class_list":["post-850","post","type-post","status-publish","format-standard","hentry","category-novosti","category-uncategorized"],"jetpack_featured_media_url":"","jetpack_sharing_enabled":true,"_links":{"self":[{"href":"https:\/\/trial.ba\/index.php?rest_route=\/wp\/v2\/posts\/850","targetHints":{"allow":["GET"]}}],"collection":[{"href":"https:\/\/trial.ba\/index.php?rest_route=\/wp\/v2\/posts"}],"about":[{"href":"https:\/\/trial.ba\/index.php?rest_route=\/wp\/v2\/types\/post"}],"author":[{"embeddable":true,"href":"https:\/\/trial.ba\/index.php?rest_route=\/wp\/v2\/users\/3"}],"replies":[{"embeddable":true,"href":"https:\/\/trial.ba\/index.php?rest_route=%2Fwp%2Fv2%2Fcomments&post=850"}],"version-history":[{"count":2,"href":"https:\/\/trial.ba\/index.php?rest_route=\/wp\/v2\/posts\/850\/revisions"}],"predecessor-version":[{"id":975,"href":"https:\/\/trial.ba\/index.php?rest_route=\/wp\/v2\/posts\/850\/revisions\/975"}],"wp:attachment":[{"href":"https:\/\/trial.ba\/index.php?rest_route=%2Fwp%2Fv2%2Fmedia&parent=850"}],"wp:term":[{"taxonomy":"category","embeddable":true,"href":"https:\/\/trial.ba\/index.php?rest_route=%2Fwp%2Fv2%2Fcategories&post=850"},{"taxonomy":"post_tag","embeddable":true,"href":"https:\/\/trial.ba\/index.php?rest_route=%2Fwp%2Fv2%2Ftags&post=850"}],"curies":[{"name":"wp","href":"https:\/\/api.w.org\/{rel}","templated":true}]}}