{"id":878,"date":"2020-10-27T16:37:10","date_gmt":"2020-10-27T14:37:10","guid":{"rendered":"https:\/\/trial.ba\/?p=878"},"modified":"2020-10-27T16:37:11","modified_gmt":"2020-10-27T14:37:11","slug":"kratki-prikazi-o-negiranju-ratnih-zlocina-u-bosni-i-hercegovini","status":"publish","type":"post","link":"https:\/\/trial.ba\/?p=878","title":{"rendered":"KRATKI PRIKAZI O NEGIRANJU RATNIH ZLO\u010cINA U BOSNI I HERCEGOVINI"},"content":{"rendered":"\n<p><em>Od nedostatka zakonskog odgovora, do uloge dru\u0161tva<\/em><\/p>\n\n\n\n<p>Izravne posljedica rata koji je okon\u010dan prije 25 godina i dalje su prisutne u Bosni i Hercegovini \u2013&nbsp; kroz vi\u0161egodi\u0161nje potrage za nestalima i boli koja prati \u010dlanove porodica u te\u0161kim trenucima pronalaska svojih najmilijih, kroz procesuiranje odgovornih za ratne zlo\u010dine, ali i dugogodi\u0161nje \u010dekanje \u017ertva na mnoge sudske procese. Pored boli i patnje, ali i borbe \u017ertava za istinu, pravdu i reparacije, manfiestovanje rata na\u017ealost ogleda se i u sveprisutnom negiranju mnogih zlo\u010dina koji su se desili, pa i onih utvr\u0111enih od strane sudova. Negiranje je skoro uvijek pra\u0107eno glorificiranjem osu\u0111enih ratnih zlo\u010dinaca, \u0161to se \u010desto manifestuje u javnom prostoru: u muralima sa likovima ratnih zlo\u010dinaca, grafitima fa\u0161isti\u010dkih obilje\u017eja, skandiranjima slogana na sportskim doga\u0111ajima kojima se negiraju masakri, te u isto vrijeme glorificiraju njihovi po\u010dinitelji ili pak u komemoracijama i javnim skupovima na kojima se isti\u010du fotografije ratnih zlo\u010dinaca. Manipulacija ratnim narativima uzastopno je primijenjeno politi\u010dko sredstvo kreiranja javnog mnijenja, a negiranje, minimiziranje ili pak odobravanje i opravdavanje po\u010dinjenih zlo\u010dina te selektivno prihvatanje i odbacivanje pravde kontinuirano izazivaju napetosti u podijeljenom dru\u0161tvu.<\/p>\n\n\n\n<p>Kako bi se o ovim problemima govorilo na \u0161to otvoreniji i konstruktivniji na\u010din, TRIAL International i <a href=\"https:\/\/www.forumzfd.de\/en\">forum ZFD<\/a> na\u010dinili dva prikaza problema negiranja ratnih zlo\u010dina u BiH. Prvi prikaz \u201c<a href=\"https:\/\/trial.ba\/wp-content\/uploads\/2020\/10\/Prikaz-Pravna-regulacija-zabrane-negiranja-ratnih-zlocina.pdf\">Pravna regulacija zabrane negiranja (poricanja), minimiziranja, opravdavanja ili odobravanja genocida, holokausta, zlo\u010dina protiv \u010dovje\u010dnosti ili ratnih zlo\u010dina u Bosni i Hercegovini<\/a>\u201d ukazuje na va\u017enost dono\u0161enja sveobuhvatne zakonske regulative koja bi dokinula kulturu neka\u017enjivosti. Prikazane su dosada\u0161nje inicijative, modeli mogu\u0107eg zakonskog ure\u0111enja uz o\u010dekivane u\u010dinke takve regulative i preporuke. Prikaz \u201c<a href=\"https:\/\/trial.ba\/wp-content\/uploads\/2020\/10\/Prikaz-Nazivanje-ratnih-zlocina-pravim-imenom-u-bosanskohercegovackom-drustvu.pdf\">Nazivanje ratnih zlo\u010dina pravim imenom u bosanskohercegova\u010dkom dru\u0161tvu<\/a>\u201d adresira paralelne nezakonodavne aktivnosti, poput obrazovanja, aktivizma, umjetnosti i kulture, vjerske zajednice i medijskog izvje\u0161tavanja u cilju bu\u0111enja dru\u0161tvene svijesti na ovu temu. Ovaj prikaz ukazuje na utjecaj negiranja na dru\u0161tvo, \u0161ta se mo\u017ee uraditi po ovom pitanju, a \u0161to bi trebala biti obaveza bh. dru\u0161tva u cijelosti.<\/p>\n\n\n\n<p>\u201c<em>Kratki prikazi su nastali na osnovu istra\u017eivanja provedenog u 2019. godini, rezultat kojeg je bila i publikacija \u201cNazivanje ratnih zlo\u010dina pravim imenom\u201d, i dijaloga koji su otvoreni o potrebi i modelima pravne regulacije zabrane negiranja, minimiziranja, opravdavanja ili odobravanja zlo\u010dina protiv \u010dovje\u010dnosti ili ratnih zlo\u010dina u Bosni i Hercegovini. Okru\u017eenje u kojem je prihvatljivo i dozvoljeno negiranje ili veli\u010danje zlo\u010dina je \u0161tetno za dru\u0161tvo i za pre\u017eivjele; ovo ujedno dovodi u pitanje pravosu\u0111e i demokratske institucije<\/em>\u201d, kazala je Lejla Ga\u010danica, pravna ekspertica.<\/p>\n\n\n\n<p>TRIAL u Bosni i Hercegovini i forumZFD inicirali su u 2019. godini pokretanje konstruktivnog diskursa o neophodnosti dono\u0161enja zakona o zabrani poricanja genocida, holokausta, zlo\u010dina protiv \u010dovje\u010dnosti i ratnih zlo\u010dina. U nastojanju da se uspostave i odr\u017ee otvoreni razgovori sa razli\u010ditim akterima i relevantnim grupama o ovoj temi, ali u kona\u010dnici i jedan \u0161iri dijalog i podizanje dru\u0161tvene i politi\u010dke svijesti o temi suo\u010davanja s pro\u0161lo\u0161\u0107u ove organizacije organizuju diskusije te izra\u0111uju istra\u017eiva\u010dke radove, po\u010dev\u0161i sa publikacijom \u201c<a href=\"https:\/\/trial.ba\/wp-content\/uploads\/2020\/02\/Nazivanje-ratnih-zlo%C4%8Dina-pravim-imenom.pdf\">Nazivanje ratnih zlo\u010dina pravim imenom<\/a>\u201d i <a href=\"https:\/\/trial.ba\/wp-content\/uploads\/2020\/02\/Tabelarni-prikaz-zakonskih-rje%C5%A1enja-negiranja-u-drugim-dr%C5%BEavama.pdf\">Tabelarnim prikazom zakonskih rje\u0161enja negiranja u drugim dr\u017eavama<\/a>, koji su prethodili ovim kratkim prikazima.<\/p>\n","protected":false},"excerpt":{"rendered":"<p>Od nedostatka zakonskog odgovora, do uloge dru\u0161tva Izravne posljedica rata koji je okon\u010dan prije 25 godina i dalje su prisutne u Bosni i Hercegovini \u2013&nbsp; kroz vi\u0161egodi\u0161nje potrage za nestalima i boli koja prati \u010dlanove porodica u te\u0161kim trenucima pronalaska svojih najmilijih, kroz procesuiranje odgovornih za ratne zlo\u010dine, ali i dugogodi\u0161nje \u010dekanje \u017ertva na mnoge [&hellip;]<\/p>\n","protected":false},"author":3,"featured_media":0,"comment_status":"closed","ping_status":"closed","sticky":false,"template":"","format":"standard","meta":{"_jetpack_memberships_contains_paid_content":false,"footnotes":""},"categories":[3,1],"tags":[],"class_list":["post-878","post","type-post","status-publish","format-standard","hentry","category-novosti","category-uncategorized"],"jetpack_featured_media_url":"","jetpack_sharing_enabled":true,"_links":{"self":[{"href":"https:\/\/trial.ba\/index.php?rest_route=\/wp\/v2\/posts\/878","targetHints":{"allow":["GET"]}}],"collection":[{"href":"https:\/\/trial.ba\/index.php?rest_route=\/wp\/v2\/posts"}],"about":[{"href":"https:\/\/trial.ba\/index.php?rest_route=\/wp\/v2\/types\/post"}],"author":[{"embeddable":true,"href":"https:\/\/trial.ba\/index.php?rest_route=\/wp\/v2\/users\/3"}],"replies":[{"embeddable":true,"href":"https:\/\/trial.ba\/index.php?rest_route=%2Fwp%2Fv2%2Fcomments&post=878"}],"version-history":[{"count":1,"href":"https:\/\/trial.ba\/index.php?rest_route=\/wp\/v2\/posts\/878\/revisions"}],"predecessor-version":[{"id":879,"href":"https:\/\/trial.ba\/index.php?rest_route=\/wp\/v2\/posts\/878\/revisions\/879"}],"wp:attachment":[{"href":"https:\/\/trial.ba\/index.php?rest_route=%2Fwp%2Fv2%2Fmedia&parent=878"}],"wp:term":[{"taxonomy":"category","embeddable":true,"href":"https:\/\/trial.ba\/index.php?rest_route=%2Fwp%2Fv2%2Fcategories&post=878"},{"taxonomy":"post_tag","embeddable":true,"href":"https:\/\/trial.ba\/index.php?rest_route=%2Fwp%2Fv2%2Ftags&post=878"}],"curies":[{"name":"wp","href":"https:\/\/api.w.org\/{rel}","templated":true}]}}